{"id":6615,"date":"2026-09-01T15:53:10","date_gmt":"2026-09-01T18:53:10","guid":{"rendered":"https:\/\/virtual.ufc.br\/?p=6615"},"modified":"2026-09-01T15:53:12","modified_gmt":"2026-09-01T18:53:12","slug":"ufc-virtual-aprova-tabela-geral-de-avaliacao-para-progressao-e-promocao-docente","status":"publish","type":"post","link":"https:\/\/virtual.ufc.br\/index.php\/noticias\/6615\/ufc-virtual-aprova-tabela-geral-de-avaliacao-para-progressao-e-promocao-docente\/","title":{"rendered":"UFC Virtual aprova tabela geral de avalia\u00e7\u00e3o para progress\u00e3o e promo\u00e7\u00e3o docente"},"content":{"rendered":"\n<p class=\"wp-block-paragraph\">O Instituto Universidade Virtual (UFC Virtual), unidade acad\u00eamica da Universidade Federal do Cear\u00e1 (UFC), aprovou a Tabela Geral de Avalia\u00e7\u00e3o\/Pontua\u00e7\u00e3o que ser\u00e1 utilizada nas solicita\u00e7\u00f5es de progress\u00e3o e promo\u00e7\u00e3o dos docentes das classes de Assistente, Adjunto e Associado.<\/p>\n\n\n\n<p class=\"wp-block-paragraph\">A decis\u00e3o foi tomada pelo Conselho do Instituto Universidade Virtual durante reuni\u00e3o ordin\u00e1ria realizada em 24 de junho de 2026 e est\u00e1 em conformidade com a Resolu\u00e7\u00e3o n\u00ba 23\/CEPE, de 5 de dezembro de 2025.<\/p>\n\n\n\n<p class=\"wp-block-paragraph\">A nova tabela estabelece os pesos atribu\u00eddos aos itens que comp\u00f5em as seis categorias de avalia\u00e7\u00e3o consideradas nos processos de progress\u00e3o e promo\u00e7\u00e3o docente no \u00e2mbito do UFC Virtual.<\/p>\n\n\n\n<p class=\"wp-block-paragraph\">Tamb\u00e9m foi mantida a pontua\u00e7\u00e3o m\u00ednima de <strong>250 pontos<\/strong> para a promo\u00e7\u00e3o de docentes \u00e0 classe C, denominada <strong>Associado<\/strong>, bem como para as progress\u00f5es dentro dessa mesma classe.<\/p>\n\n\n\n<p class=\"wp-block-paragraph\">De acordo com a delibera\u00e7\u00e3o do Conselho, a exig\u00eancia de pontua\u00e7\u00e3o est\u00e1 relacionada \u00e0 <strong>Categoria 5 \u2013 Produ\u00e7\u00e3o extensionista e\/ou produ\u00e7\u00e3o cient\u00edfica, de inova\u00e7\u00e3o, t\u00e9cnica, art\u00edstica ou cultural vinculadas aos interesses institucionais<\/strong>, conforme os crit\u00e9rios estabelecidos pela Resolu\u00e7\u00e3o n\u00ba 23\/CEPE.<\/p>\n\n\n\n<p class=\"wp-block-paragraph\">A aprova\u00e7\u00e3o da tabela representa mais uma etapa no processo de regulamenta\u00e7\u00e3o dos crit\u00e9rios de avalia\u00e7\u00e3o da carreira docente no \u00e2mbito do UFC Virtual, contribuindo para conferir maior clareza e uniformidade aos procedimentos de progress\u00e3o e promo\u00e7\u00e3o dos professores do Instituto.<\/p>\n\n\n\n<p class=\"wp-block-paragraph\">Para mais detalhes, consulte a <strong>Portaria n\u00ba 042\/2026<\/strong>.<br><a href=\"http:\/\/virtual.ufc.br\/wp-content\/uploads\/2026\/09\/SEI_6451667_Portaria_Instituto_Universidade_Virtual_042_DIRECAO__1_.pdf\" target=\"_blank\" rel=\"noopener\"><strong>BAIXAR PORTARIA 042\/DIRE\u00c7\u00c3O\/2026\/IUVI\/REITORIA<\/strong><\/a><\/p>\n\n\n\n<p class=\"wp-block-paragraph\"><\/p>\n","protected":false},"excerpt":{"rendered":"<p>O Instituto Universidade Virtual (UFC Virtual), unidade acad\u00eamica da Universidade Federal do Cear\u00e1 (UFC), aprovou a Tabela Geral de Avalia\u00e7\u00e3o\/Pontua\u00e7\u00e3o que ser\u00e1 utilizada nas solicita\u00e7\u00f5es de progress\u00e3o e promo\u00e7\u00e3o dos docentes das classes de Assistente, Adjunto e Associado.<\/p>\n","protected":false},"author":1,"featured_media":427,"comment_status":"closed","ping_status":"closed","sticky":false,"template":"","format":"standard","meta":{"footnotes":""},"categories":[9],"tags":[],"class_list":["post-6615","post","type-post","status-publish","format-standard","has-post-thumbnail","hentry","category-noticias"],"_links":{"self":[{"href":"https:\/\/virtual.ufc.br\/index.php\/wp-json\/wp\/v2\/posts\/6615","targetHints":{"allow":["GET"]}}],"collection":[{"href":"https:\/\/virtual.ufc.br\/index.php\/wp-json\/wp\/v2\/posts"}],"about":[{"href":"https:\/\/virtual.ufc.br\/index.php\/wp-json\/wp\/v2\/types\/post"}],"author":[{"embeddable":true,"href":"https:\/\/virtual.ufc.br\/index.php\/wp-json\/wp\/v2\/users\/1"}],"replies":[{"embeddable":true,"href":"https:\/\/virtual.ufc.br\/index.php\/wp-json\/wp\/v2\/comments?post=6615"}],"version-history":[{"count":1,"href":"https:\/\/virtual.ufc.br\/index.php\/wp-json\/wp\/v2\/posts\/6615\/revisions"}],"predecessor-version":[{"id":6617,"href":"https:\/\/virtual.ufc.br\/index.php\/wp-json\/wp\/v2\/posts\/6615\/revisions\/6617"}],"wp:featuredmedia":[{"embeddable":true,"href":"https:\/\/virtual.ufc.br\/index.php\/wp-json\/wp\/v2\/media\/427"}],"wp:attachment":[{"href":"https:\/\/virtual.ufc.br\/index.php\/wp-json\/wp\/v2\/media?parent=6615"}],"wp:term":[{"taxonomy":"category","embeddable":true,"href":"https:\/\/virtual.ufc.br\/index.php\/wp-json\/wp\/v2\/categories?post=6615"},{"taxonomy":"post_tag","embeddable":true,"href":"https:\/\/virtual.ufc.br\/index.php\/wp-json\/wp\/v2\/tags?post=6615"}],"curies":[{"name":"wp","href":"https:\/\/api.w.org\/{rel}","templated":true}]}}